[{"@context":"https:\/\/schema.org\/","@type":"Article","@id":"https:\/\/www.checkit.cz\/trendy-pro-bydleni-na-rok-2020\/#Article","mainEntityOfPage":"https:\/\/www.checkit.cz\/trendy-pro-bydleni-na-rok-2020\/","headline":"Trendy pro bydlen\u00ed na rok 2020","name":"Trendy pro bydlen\u00ed na rok 2020","description":"Ka\u017ed\u00fd by si sice sv\u00e9 bydlen\u00ed m\u011bl za\u0159izovat podle vlastn\u00edho stylu a nechat v interi\u00e9ru i kus sebe, av\u0161ak tak jako pro m\u00f3du jsou trendy d\u00e1ny i pro bydlen\u00ed. Jde ov\u0161em pouze a jen o obecn\u00e9 rady nebo doporu\u010den\u00ed. P\u0159edev\u0161\u00edm tedy rady na zp\u0159\u00edjemn\u011bn\u00ed \u017eivota v mal\u00e9m byt\u011b, at&#39; u\u017e jde o estetickou str\u00e1nku nebo prakti\u010dnost. Architekti se zam\u011b\u0159uj\u00ed i [&hellip;]","datePublished":"2020-01-11","dateModified":"2023-05-26","author":{"@type":"Person","@id":"https:\/\/www.checkit.cz\/author\/devene\/#Person","name":"devene","url":"https:\/\/www.checkit.cz\/author\/devene\/","identifier":1,"image":{"@type":"ImageObject","@id":"https:\/\/secure.gravatar.com\/avatar\/b74f056f0354b8ee50fcd0e6106aa964423477cb93024726458fce7ffd63d5d8?s=96&d=mm&r=g","url":"https:\/\/secure.gravatar.com\/avatar\/b74f056f0354b8ee50fcd0e6106aa964423477cb93024726458fce7ffd63d5d8?s=96&d=mm&r=g","height":96,"width":96}},"publisher":{"@type":"Organization","name":"checkit.cz","logo":{"@type":"ImageObject","@id":"\/logo.png","url":"\/logo.png","width":600,"height":60}},"image":{"@type":"ImageObject","@id":"https:\/\/www.checkit.cz\/wp-content\/uploads\/img_a369512_w4291_t1581609878.jpg","url":"https:\/\/www.checkit.cz\/wp-content\/uploads\/img_a369512_w4291_t1581609878.jpg","height":0,"width":0},"url":"https:\/\/www.checkit.cz\/trendy-pro-bydleni-na-rok-2020\/","about":["D\u016fm"],"wordCount":415,"articleBody":"Ka\u017ed\u00fd by si sice sv\u00e9 bydlen\u00ed m\u011bl za\u0159izovat podle vlastn\u00edho stylu a nechat v interi\u00e9ru i kus sebe, av\u0161ak tak jako pro m\u00f3du jsou trendy d\u00e1ny i pro bydlen\u00ed. Jde ov\u0161em pouze a jen o obecn\u00e9 rady nebo doporu\u010den\u00ed. P\u0159edev\u0161\u00edm tedy rady na zp\u0159\u00edjemn\u011bn\u00ed \u017eivota v mal\u00e9m byt\u011b, at&#39; u\u017e jde o estetickou str\u00e1nku nebo prakti\u010dnost. Architekti se zam\u011b\u0159uj\u00ed i na exteri\u00e9r ale v\u011b\u0159\u00ed, \u017ee interi\u00e9r je mnohem d\u016fle\u017eit\u011bj\u0161\u00ed a \u017ee je v\u00edce mo\u017enost\u00ed, jak jej ozvl\u00e1\u0161tnit ka\u017ed\u00fdm rokem znovu a jednoduch\u00fdmi triky m\u016f\u017eeme na\u0161e dom\u00e1cnosti ozvl\u00e1\u0161tnit ka\u017ed\u00fd rok.\t\tModr\u00e1 barva v\u017edy a v\u0161ude\tFavoritem v barv\u00e1ch bude letos modr\u00e1. U design\u00e9r\u016f si z\u00edsk\u00e1v\u00e1 obl\u00edbenost kv\u016fli sv\u00e9 jednoduchosti a n\u011bkolika barevn\u00fdch mo\u017enost\u00ed: od nebesky modr\u00e9 p\u0159es tyrkysovou a\u017e po tu nejtmav\u0161\u00ed je modr\u00e1 jednozna\u010dn\u011b tou nejobl\u00edben\u011bj\u0161\u00ed barvou roku 2020! Modr\u00e1 barva v\u00a0jak\u00e9mkoliv odst\u00ednu zobrazuje i klid a pohodu. P\u0159in\u00e1\u0161\u00ed do na\u0161ich domov\u016f klidnou atmosf\u00e9ru a podle psycholog\u016f zabra\u0148uje i nov\u00e9 vznikaj\u00edc\u00edm konflikt\u016fm.\t\u00a0\t\u010c\u00edm v\u00edc, t\u00edm l\u00edp!\tHol\u00e9 zdi a m\u00e1lo n\u00e1bytku zde u\u017e d\u00e1vno neplat\u00ed. V interi\u00e9rech se objev\u00ed dekorace a \u010distota. St\u00e1le v\u00edce lid\u00ed \u017eije v bytech, kde je nuceno vyu\u017e\u00edt prostor opravdu co nejl\u00e9pe. Proto uvid\u00edme i mnoho multifunk\u010dn\u00edho n\u00e1bytku a\u017e k rozkl\u00e1dac\u00edm postel\u00edm.\t\tHlavn\u011b prakticky\tPostele, seda\u010dky, pohovky nebo komody a k tomu v\u0161emu co nejv\u00edce \u00falo\u017en\u00e9ho prostoru. V hlavn\u00ed roli tedy budou skl\u00e1dac\u00ed stolky a stoli\u010dky, stoly a mnoho dal\u0161\u00edho.\t\u00a0\tKvalita i kvantita\tV interi\u00e9ru te\u010f nalezneme velk\u00e9 mno\u017estv\u00ed kvalitn\u00edho d\u0159eva, skla nebo keramiky. O co v\u00edc za n\u00e1bytek zaplat\u00edme, o to d\u00e9le n\u00e1m pravd\u011bpodobn\u011b vydr\u017e\u00ed. A toho se sna\u017e\u00ed dr\u017eet i \u010dasopisy zam\u011b\u0159en\u00e9 na bydlen\u00ed a nab\u00edz\u00ed tak lidem hlavn\u011b kvalitn\u00ed v\u011bci, a to za dostupn\u00e9 ceny.\t\u00a0\tOtev\u0159en\u00e9 prostory\tV oblib\u011b jsou st\u00e1le v\u00edce lofty, kdy na otev\u0159en\u00e9m prostoru najdeme nap\u0159\u00edklad i otev\u0159en\u00fd kuchy\u0148sk\u00fd kout. V oblib\u011b je taky otev\u0159en\u00fd pracovn\u00ed kout, ide\u00e1ln\u011b pak u p\u0159\u00edrodn\u00edho sv\u011btla.                                                                                                                                                                                                                                                                                                                                                                                        4.1\/5 - (14 votes)        "},{"@context":"https:\/\/schema.org\/","@type":"BreadcrumbList","itemListElement":[{"@type":"ListItem","position":1,"name":"Trendy pro bydlen\u00ed na rok 2020","item":"https:\/\/www.checkit.cz\/trendy-pro-bydleni-na-rok-2020\/#breadcrumbitem"}]}]