[{"@context":"https:\/\/schema.org\/","@type":"Article","@id":"https:\/\/www.checkit.cz\/nastal-cas-vymenit-vasi-starou-brasnicku-za-novou-paradnici\/#Article","mainEntityOfPage":"https:\/\/www.checkit.cz\/nastal-cas-vymenit-vasi-starou-brasnicku-za-novou-paradnici\/","headline":"Nastal \u010das vym\u011bnit va\u0161i starou bra\u0161ni\u010dku za novou par\u00e1dnici","name":"Nastal \u010das vym\u011bnit va\u0161i starou bra\u0161ni\u010dku za novou par\u00e1dnici","description":"M\u00e1te svou obl\u00edbenou ta\u0161ku, kabelku nebo etuji na drobn\u00e9 kosmetick\u00e9 pom\u016fcky a neust\u00e1le https:\/\/www.pietro-filipi.com\/c-400-kabaty.html ji nos\u00edte s sebou p\u0159i ka\u017ed\u00e9 p\u0159\u00edle\u017eitosti? A v\u0161imla jste si, jak je l\u00e9ty opot\u0159ebovan\u00e1 a \u017ee nejsp\u00ed\u0161e u\u017e budete pot\u0159eba ji nechat odej\u00edt do zaslou\u017een\u00e9ho \u201ekabelkov\u00e9ho d\u016fchodu\u201c? V\u00edme, \u017ee kdy\u017e n\u00e1m p\u0159iroste n\u011bjak\u00e1 v\u011bc k srdci, je t\u011b\u017ek\u00e9 se s n\u00ed rozlou\u010dit. Ale v\u00e1\u0161 nov\u00fd [&hellip;]","datePublished":"2020-01-05","dateModified":"2023-05-26","author":{"@type":"Person","@id":"https:\/\/www.checkit.cz\/author\/devene\/#Person","name":"devene","url":"https:\/\/www.checkit.cz\/author\/devene\/","identifier":1,"image":{"@type":"ImageObject","@id":"https:\/\/secure.gravatar.com\/avatar\/b74f056f0354b8ee50fcd0e6106aa964423477cb93024726458fce7ffd63d5d8?s=96&d=mm&r=g","url":"https:\/\/secure.gravatar.com\/avatar\/b74f056f0354b8ee50fcd0e6106aa964423477cb93024726458fce7ffd63d5d8?s=96&d=mm&r=g","height":96,"width":96}},"publisher":{"@type":"Organization","name":"checkit.cz","logo":{"@type":"ImageObject","@id":"\/logo.png","url":"\/logo.png","width":600,"height":60}},"image":{"@type":"ImageObject","@id":"https:\/\/www.checkit.cz\/wp-content\/uploads\/img_a373433_w1771_t1584962443.jpg","url":"https:\/\/www.checkit.cz\/wp-content\/uploads\/img_a373433_w1771_t1584962443.jpg","height":0,"width":0},"url":"https:\/\/www.checkit.cz\/nastal-cas-vymenit-vasi-starou-brasnicku-za-novou-paradnici\/","about":["Vztahy"],"wordCount":489,"articleBody":"  M\u00e1te svou obl\u00edbenou ta\u0161ku, kabelku nebo etuji na drobn\u00e9 kosmetick\u00e9 pom\u016fcky a neust\u00e1le https:\/\/www.pietro-filipi.com\/c-400-kabaty.html  ji nos\u00edte s sebou p\u0159i ka\u017ed\u00e9 p\u0159\u00edle\u017eitosti? A v\u0161imla jste si, jak je l\u00e9ty opot\u0159ebovan\u00e1 a \u017ee nejsp\u00ed\u0161e u\u017e budete pot\u0159eba ji nechat odej\u00edt do zaslou\u017een\u00e9ho \u201ekabelkov\u00e9ho d\u016fchodu\u201c? V\u00edme, \u017ee kdy\u017e n\u00e1m p\u0159iroste n\u011bjak\u00e1 v\u011bc k srdci, je t\u011b\u017ek\u00e9 se s n\u00ed rozlou\u010dit. Ale v\u00e1\u0161 nov\u00fd kab\u00e1t si zaslou\u017e\u00ed nov\u00fd m\u00f3dn\u00ed dopln\u011bk. A \u017ee se m\u00f3dn\u00ed trendy neust\u00e1le m\u011bn\u00ed! Ka\u017ed\u00e1 \u017eena by m\u011bla m\u00edt origin\u00e1ln\u00ed kabelku, na kterou bude doslova a do p\u00edsmene hrd\u00e1. Mil\u00e1\u010dek, kter\u00fd von\u00ed po prav\u00e9 k\u016f\u017ei a jej\u00ed tvar se jen tak lehce nezni\u010d\u00ed. D\u00e1msk\u00e1 luxusn\u00ed ta\u0161ka z prav\u00e9 k\u016f\u017ee s krokod\u00fdl\u00edm reli\u00e9fem je ta prav\u00e1 volba! Takovou jen tak ka\u017ed\u00e1 \u017eena nem\u00e1, a o to n\u00e1m, \u017eensk\u00e9mu pokolen\u00ed p\u0159ece jde. Pokud potk\u00e1me, by\u0165 i kamar\u00e1dku s naprosto stejnou bra\u0161ni\u010dkou jakou m\u00e1me my, ned\u011bl\u00e1 n\u00e1m to, \u017een\u00e1m, zrovna dob\u0159e. Chceme dob\u0159e vypadat, hezky se obl\u00e9kat a m\u00edt kr\u00e1sn\u00e9 modern\u00ed dopl\u0148ky, kter\u00e9 nepotk\u00e1v\u00e1me na ka\u017ed\u00e9m roku. S touto elegantn\u00ed kabelkou z prav\u00e9 k\u016f\u017ee se budete t\u011b\u0161it doma, ale i na proch\u00e1zk\u00e1ch a p\u0159i dal\u0161\u00edch p\u0159\u00edle\u017eitostech, proto\u017ee takov\u00fd luxus si ka\u017ed\u00e1 \u017eena nedovol\u00ed. Proto si ho dovolte zrovna vy. Vy bu\u010fte ta, kter\u00e1 se odm\u011bn\u00ed kr\u00e1sou, ze kter\u00e9 bude m\u00edt radost, a nav\u00edc praktickou kr\u00e1sou. Sice za ni utrat\u00edte v\u00edce ne\u017e je obvykl\u00e9, ale pocit, \u017ee takovou ta\u0161ti\u010dku nem\u00e1 ka\u017ed\u00e1, ten za to stoj\u00ed! O materi\u00e1l z k\u016f\u017ee se mus\u00edte \u0159\u00e1dn\u011b i postarat, vy\u017eaduje alespo\u0148 ob\u010dasnou \u00fadr\u017ebu. Ur\u010dit\u011b ji nev\u011bste na v\u011b\u0161\u00e1k, ale postavte p\u011bkn\u011b na odstavn\u00fd stole\u010dek. P\u0159i del\u0161\u00edm nepou\u017e\u00edv\u00e1n\u00ed ji klidn\u011b vycp\u011bte jemn\u00fdm pap\u00edrem, aby kr\u00e1sn\u011b dr\u017eela tvar. Vyb\u00edrat m\u016f\u017eete z v\u011bt\u0161\u00edch \u010di men\u0161\u00edch kabelek, se zap\u00edn\u00e1n\u00edm na zip a v r\u016fzn\u00fdch barv\u00e1ch. V z\u00e1kladn\u00ed \u010dern\u00e9 nebo hn\u011bd\u00e9, ale i v \u0161ed\u00e9 barv\u011b. B\u011b\u017en\u00e9 jsou odn\u00edmateln\u00e9 nastaviteln\u00e9 popruhy a vychytan\u00e9 kovov\u00e9 detaily dopl\u0148k\u016f ve zlat\u00e9 barv\u011b. K va\u0161emu elegantn\u00edmu outfitu volte stejn\u011b elegantn\u00ed kabelku. A nav\u00edc, vy si m\u016f\u017eete na va\u0161i obl\u00edbenkyni nechat i vyrazit sv\u016fj monogram, a to ve v\u00e1mi zvolen\u00e9 barevn\u00e9 folii \u2013 zlat\u00e9, st\u0159\u00edbrn\u00e9 anebo \u010derven\u00e9. A v\u00e1\u0161 origin\u00e1ln\u00ed jedine\u010dn\u00fd kousek je na sv\u011bt\u011b!                                                                                                                                                                                                                                                                                                                                                                                         4.7\/5 - (16 votes)        "},{"@context":"https:\/\/schema.org\/","@type":"BreadcrumbList","itemListElement":[{"@type":"ListItem","position":1,"name":"Nastal \u010das vym\u011bnit va\u0161i starou bra\u0161ni\u010dku za novou par\u00e1dnici","item":"https:\/\/www.checkit.cz\/nastal-cas-vymenit-vasi-starou-brasnicku-za-novou-paradnici\/#breadcrumbitem"}]}]