[{"@context":"https:\/\/schema.org\/","@type":"Article","@id":"https:\/\/www.checkit.cz\/kvetiny-patri-na-zahradu-ale-i-do-interieru-nektere-si-dokonce-muzete-nechat-i-v-loznici-a-budete-lepe-spat\/#Article","mainEntityOfPage":"https:\/\/www.checkit.cz\/kvetiny-patri-na-zahradu-ale-i-do-interieru-nektere-si-dokonce-muzete-nechat-i-v-loznici-a-budete-lepe-spat\/","headline":"Kv\u011btiny pat\u0159\u00ed na zahradu ale i do interi\u00e9ru &#8211; N\u011bkter\u00e9 si dokonce m\u016f\u017eete nechat i v lo\u017enici a budete l\u00e9pe sp\u00e1t!","name":"Kv\u011btiny pat\u0159\u00ed na zahradu ale i do interi\u00e9ru &#8211; N\u011bkter\u00e9 si dokonce m\u016f\u017eete nechat i v lo\u017enici a budete l\u00e9pe sp\u00e1t!","description":"P\u011bstujete sice doma kv\u011btiny ale v lo\u017enici nem\u00e1te \u017e\u00e1dnou? To je ale opravdov\u00e1 \u0161koda, proto\u017ee n\u011bkter\u00e9 kv\u011btiny v\u00e1m pomohou se sp\u00e1nkem. Jak\u00e9 to jsou?\u00a0 Kv\u011btiny pat\u0159\u00ed na zahradu ale i do interi\u00e9ru \u2013 N\u011bkter\u00e9 si dokonce m\u016f\u017eete nechat i v lo\u017enici a budete l\u00e9pe sp\u00e1t!\u00a0 Lo\u017enice by m\u011bla b\u00fdt m\u00edstem klidn\u00fdm, tich\u00fdm a nem\u011blo by v n\u00ed b\u00fdt nic nav\u00edc. [&hellip;]","datePublished":"2021-12-22","dateModified":"2023-05-26","author":{"@type":"Person","@id":"https:\/\/www.checkit.cz\/author\/devene\/#Person","name":"devene","url":"https:\/\/www.checkit.cz\/author\/devene\/","identifier":1,"image":{"@type":"ImageObject","@id":"https:\/\/secure.gravatar.com\/avatar\/b74f056f0354b8ee50fcd0e6106aa964423477cb93024726458fce7ffd63d5d8?s=96&d=mm&r=g","url":"https:\/\/secure.gravatar.com\/avatar\/b74f056f0354b8ee50fcd0e6106aa964423477cb93024726458fce7ffd63d5d8?s=96&d=mm&r=g","height":96,"width":96}},"publisher":{"@type":"Organization","name":"checkit.cz","logo":{"@type":"ImageObject","@id":"\/logo.png","url":"\/logo.png","width":600,"height":60}},"image":{"@type":"ImageObject","@id":"https:\/\/www.checkit.cz\/wp-content\/uploads\/pexels-photo-1879063.jpeg","url":"https:\/\/www.checkit.cz\/wp-content\/uploads\/pexels-photo-1879063.jpeg","height":0,"width":0},"url":"https:\/\/www.checkit.cz\/kvetiny-patri-na-zahradu-ale-i-do-interieru-nektere-si-dokonce-muzete-nechat-i-v-loznici-a-budete-lepe-spat\/","about":["D\u016fm"],"wordCount":531,"articleBody":"P\u011bstujete sice doma kv\u011btiny ale v lo\u017enici nem\u00e1te \u017e\u00e1dnou? To je ale opravdov\u00e1 \u0161koda, proto\u017ee n\u011bkter\u00e9 kv\u011btiny v\u00e1m pomohou se sp\u00e1nkem. Jak\u00e9 to jsou?\u00a0Kv\u011btiny pat\u0159\u00ed na zahradu ale i do interi\u00e9ru \u2013 N\u011bkter\u00e9 si dokonce m\u016f\u017eete nechat i v lo\u017enici a budete l\u00e9pe sp\u00e1t!\u00a0Lo\u017enice by m\u011bla b\u00fdt m\u00edstem klidn\u00fdm, tich\u00fdm a nem\u011blo by v n\u00ed b\u00fdt nic nav\u00edc. Obvykle se t\u00edm \u0159\u00edd\u00edme a sna\u017e\u00edme se toho m\u00edt v lo\u017enici opravdu co nejm\u00e9n\u011b. \u0158ada z n\u00e1s tak ned\u00e1v\u00e1 do lo\u017enice ani \u017e\u00e1dn\u00e9 kv\u011btiny. Ov\u0161em to m\u016f\u017ee b\u00fdt chyba, pokud v\u00edte, kter\u00e9 pokojov\u00e9 rostliny byste v lo\u017enici m\u011bli m\u00edt, bude v\u00e1m to jedin\u011b ku prosp\u011bchu. Kv\u011btiny vypadaj\u00ed kr\u00e1sn\u011b a to nejen v z\u00e1honc\u00edch na zahrad\u011b, ve v\u00e1ze na stole \u010di na okenn\u00edm parapetu. Krom\u011b toho, \u017ee toti\u017e opravdu hezky vypadaj\u00ed, mohou fungovat i jako \u010disti\u010dka vzduchu, co\u017e v\u00e1m m\u016f\u017ee pomoci t\u0159eba l\u00e9pe usnout.\u00a0Po\u0159i\u010fte si l\u00e9\u010div\u00e9 rostlinkyUr\u010dit\u011b zn\u00e1te aloe vera nebo levanduli. Levandule se tak\u00e9 dost \u010dasto p\u011bstuj\u00ed na zahrad\u00e1ch a pak se su\u0161\u00ed k dal\u0161\u00edmu u\u017eitku, o aloe vera se v\u00ed, \u017ee pom\u00e1h\u00e1 l\u00e9\u010dit t\u0159eba ko\u017en\u00ed vyr\u00e1\u017eky nebo pop\u00e1leniny a podobn\u011b. Ob\u011b tyto l\u00e9\u010div\u00e9 rostliny ale m\u016f\u017eete p\u011bstovat i doma v kv\u011btin\u00e1\u010di a \u00fapln\u011b nejl\u00e9pe ud\u011bl\u00e1te, kdy\u017e si je d\u00e1te do lo\u017enice. Pomohou toti\u017e \u010distit vzduch, to je vhodn\u00e9 pro alergiky i astmatiky, ale t\u0159eba i pro mal\u00e9 d\u011bti. Levandule nav\u00edc i kr\u00e1sn\u011b von\u00ed a pom\u00e1h\u00e1 navozovat klidn\u00fd a neru\u0161en\u00fd sp\u00e1nek. Tak\u017ee, pokud m\u00e1te ob\u010das probl\u00e9m s t\u00edm, \u017ee nem\u016f\u017eete usnout, bude pro v\u00e1s ide\u00e1ln\u00ed\u00a0rostlinkou do lo\u017enice. Levandule m\u00e1 dokonce tak\u00e9 velmi uklid\u0148uj\u00edc\u00ed \u00fa\u010dinky. P\u016fsob\u00ed proti stresu, navod\u00ed klid a u d\u011bt\u00ed, kter\u00e9 maj\u00ed probl\u00e9my se span\u00edm, v noci se bud\u00ed a pl\u00e1\u010dou, je naprosto ide\u00e1ln\u00ed.\u00a0Nejlep\u0161\u00ed p\u0159\u00edrodn\u00ed \u010disti\u010dka vzduchu\u00a0Pokud ale hled\u00e1te tu nejlep\u0161\u00ed p\u0159\u00edrodn\u00ed \u010disti\u010dku vzduchu, pak vsa\u010fte na b\u0159e\u010d\u0165an. Ano, i ten m\u016f\u017eete doma p\u011bstovat a je \u00fapln\u011b nejlep\u0161\u00ed d\u00e1t si jej do lo\u017enice. B\u0159e\u010d\u0165an je nejlep\u0161\u00ed p\u011bstovat na m\u00edstech, kde nen\u00ed p\u0159\u00edli\u0161 denn\u00edho p\u0159\u00edm\u00e9ho slun\u00ed\u010dka, a v lo\u017enici obvykle m\u00e1me temno, tak\u017ee i z tohoto d\u016fvodu je b\u0159e\u010d\u0165an do m\u00edstnosti, kde sp\u00edme jako d\u011blan\u00fd. Jestli\u017ee jste alergici, m\u00e1te probl\u00e9my s d\u00fdch\u00e1n\u00edm nebo trp\u00edte \u010dasto na nachlazen\u00ed, uv\u00edt\u00e1te jist\u011b to, \u017ee dok\u00e1\u017ee velmi v\u00fdrazn\u011b pro\u010distit vzduch a zbavuje jej pl\u00edsn\u00ed.\u00a0Se spr\u00e1vn\u00fdmi rostlinami se v\u00e1m bude mnohem l\u00e9pe sp\u00e1t i d\u00fdchat.\u00a0                                                                                                                                                                                                                                                                                                                                                                                        4.2\/5 - (11 votes)        "},{"@context":"https:\/\/schema.org\/","@type":"BreadcrumbList","itemListElement":[{"@type":"ListItem","position":1,"name":"Kv\u011btiny pat\u0159\u00ed na zahradu ale i do interi\u00e9ru &#8211; N\u011bkter\u00e9 si dokonce m\u016f\u017eete nechat i v lo\u017enici a budete l\u00e9pe sp\u00e1t!","item":"https:\/\/www.checkit.cz\/kvetiny-patri-na-zahradu-ale-i-do-interieru-nektere-si-dokonce-muzete-nechat-i-v-loznici-a-budete-lepe-spat\/#breadcrumbitem"}]}]