[{"@context":"https:\/\/schema.org\/","@type":"Article","@id":"https:\/\/www.checkit.cz\/jak-se-nase-spolecnost-stavi-ke-skole\/#Article","mainEntityOfPage":"https:\/\/www.checkit.cz\/jak-se-nase-spolecnost-stavi-ke-skole\/","headline":"Jak se na\u0161e spole\u010dnost stav\u00ed ke \u0161kole","name":"Jak se na\u0161e spole\u010dnost stav\u00ed ke \u0161kole","description":"D\u011bti se moc u\u010d\u00ed. Nad touto v\u011btou mnoho rodi\u010d\u016f jen nev\u011b\u0159\u00edcn\u011b krout\u00ed hlavou a pop\u00edraj\u00ed jakoukoli pravdu, kter\u00e1 by se mohla s\u00a0t\u00edmto tvrzen\u00edm pojit. V\u00a0jist\u00fdch ohledech je ale, a\u0165 u\u017e chcete \u010di nechcete v\u011b\u0159it, pravdiv\u00e9. Mus\u00edme v\u0161ak zohlednit n\u011bkter\u00e9 aspekty. Za minul\u00e9ho re\u017eimu bylo zvykem, \u017ee se \u0161kol\u00e1ci a studenti v\u0161eho druhu doslova \u0161prtali u\u010divo nazpam\u011b\u0165, jen aby dostali dobrou [&hellip;]","datePublished":"2020-01-24","dateModified":"2023-05-26","author":{"@type":"Person","@id":"https:\/\/www.checkit.cz\/author\/devene\/#Person","name":"devene","url":"https:\/\/www.checkit.cz\/author\/devene\/","identifier":1,"image":{"@type":"ImageObject","@id":"https:\/\/secure.gravatar.com\/avatar\/b74f056f0354b8ee50fcd0e6106aa964423477cb93024726458fce7ffd63d5d8?s=96&d=mm&r=g","url":"https:\/\/secure.gravatar.com\/avatar\/b74f056f0354b8ee50fcd0e6106aa964423477cb93024726458fce7ffd63d5d8?s=96&d=mm&r=g","height":96,"width":96}},"publisher":{"@type":"Organization","name":"checkit.cz","logo":{"@type":"ImageObject","@id":"\/logo.png","url":"\/logo.png","width":600,"height":60}},"image":{"@type":"ImageObject","@id":"https:\/\/www.checkit.cz\/wp-content\/uploads\/img_a367693_w4291_t1580200208.jpg","url":"https:\/\/www.checkit.cz\/wp-content\/uploads\/img_a367693_w4291_t1580200208.jpg","height":0,"width":0},"url":"https:\/\/www.checkit.cz\/jak-se-nase-spolecnost-stavi-ke-skole\/","about":["Spole\u010dnosti"],"wordCount":425,"articleBody":"D\u011bti se moc u\u010d\u00ed. Nad touto v\u011btou mnoho rodi\u010d\u016f jen nev\u011b\u0159\u00edcn\u011b krout\u00ed hlavou a pop\u00edraj\u00ed jakoukoli pravdu, kter\u00e1 by se mohla s\u00a0t\u00edmto tvrzen\u00edm pojit. V\u00a0jist\u00fdch ohledech je ale, a\u0165 u\u017e chcete \u010di nechcete v\u011b\u0159it, pravdiv\u00e9. Mus\u00edme v\u0161ak zohlednit n\u011bkter\u00e9 aspekty.\tZa minul\u00e9ho re\u017eimu bylo zvykem, \u017ee se \u0161kol\u00e1ci a studenti v\u0161eho druhu doslova \u0161prtali u\u010divo nazpam\u011b\u0165, jen aby dostali dobrou zn\u00e1mku. B\u00fdvalo naprosto norm\u00e1ln\u00ed a v\u0161edn\u00ed, \u017ee testy nebyly ohla\u0161ov\u00e1ny a psalo se, kdykoli se vyu\u010duj\u00edc\u00ed rozhodl a kdykoli se mu zacht\u011blo. V\u00a0p\u0159\u00edpad\u011b trojka\u0159\u016f se v\u016fbec neuva\u017eovalo o studijn\u00edm oboru s\u00a0maturitou, ale o oby\u010dejn\u00e9m u\u010dili\u0161ti.\t\tDnes je v\u0161echno jin\u00e9. \u0160kolstv\u00ed do jist\u00e9 m\u00edry neskute\u010dn\u011b polevilo, co\u017e je v\u00a0jist\u00fdch ohledech jen dob\u0159e. Mladistv\u00ed se ji\u017e nemus\u00ed tolik stresovat, u\u010d\u00ed se jakousi mor\u00e1lku a hlavn\u011b se u\u017e za\u010dalo uva\u017eovat o reform\u011b \u0161kolstv\u00ed, kter\u00e1 je zat\u00edm pouze v\u00a0procesu dohadov\u00e1n\u00ed. Pokud bychom se ale o takov\u00e9to zm\u011bn\u011b cht\u011bli bavit podrobn\u011bji, p\u0159i\u0161li bychom na to, \u017ee studenti jsou nuceni se nazpam\u011b\u0165 u\u010dit nesmysln\u00e9 mno\u017estv\u00ed u\u010diva, kter\u00e9 z\u00a0poloviny v\u00a0b\u011b\u017en\u00e9m \u017eivot\u011b nikdy nevyu\u017eij\u00ed. Za toto u\u010divo jsou jim pot\u00e9 d\u00e1v\u00e1ny zn\u00e1mky podle toho, jestli byli schopni n\u011bjakou \u010d\u00e1st sv\u00e9ho \u017eivota zasv\u011btit jeho nastudov\u00e1n\u00edm. \u0160k\u00e1la jedna a\u017e p\u011bt je tak\u00e9 velice neobjektivn\u00ed. Na pe\u010dliv\u00e9 a poctiv\u00e9 zhodnocen\u00ed pr\u00e1ce a mo\u017en\u00e9 rozd\u00edly mezi \u017e\u00e1ky je pot\u0159eba, jak se jist\u011b mnoho z\u00a0n\u00e1s shodne, mnohem v\u011bt\u0161\u00ed rozsah. Ve \u0161kole se sice mo\u017en\u00e1 nau\u010d\u00edme vypo\u010d\u00edtat kvadratick\u00e9 rovnice v\u00a0matematice nebo rozd\u011blit miner\u00e1ly podle toho, jak\u00fdm zp\u016fsobem vznikaly, v\u00a0biologii, ale dovednosti jako vychov\u00e1vat d\u00edt\u011b, b\u00fdt dobr\u00fd partner, b\u00fdt spo\u0159\u00e1dan\u00fd ob\u010dan nebo um\u011bn\u00ed naj\u00edt sebe sama u\u017e ale v\u00a0osnov\u00e1ch nenajdeme.\t\tDle na\u0161eho uv\u00e1\u017een\u00ed jsme toho n\u00e1zoru, \u017ee reforma \u0161kolstv\u00ed by m\u011bla b\u00fdt provedena za pou\u017eit\u00ed modern\u00edch technologi\u00ed.\tM\u016f\u017eeme se samoz\u0159ejm\u011b dohadovat o plusech a minusech obou p\u0159\u00edpad\u016f, pointa v\u0161ak z\u016fst\u00e1v\u00e1 st\u00e1le stejn\u00e1. St\u00e1le jsme pro na\u0161e d\u011bti nena\u0161li to prav\u00e9 o\u0159echov\u00e9, co by uv\u00edtali oni i my.                                                                                                                                                                                                                                                                                                                                                                                        4.6\/5 - (7 votes)        "},{"@context":"https:\/\/schema.org\/","@type":"BreadcrumbList","itemListElement":[{"@type":"ListItem","position":1,"name":"Jak se na\u0161e spole\u010dnost stav\u00ed ke \u0161kole","item":"https:\/\/www.checkit.cz\/jak-se-nase-spolecnost-stavi-ke-skole\/#breadcrumbitem"}]}]