[{"@context":"https:\/\/schema.org\/","@type":"Article","@id":"https:\/\/www.checkit.cz\/jak-jsou-na-tom-lide\/#Article","mainEntityOfPage":"https:\/\/www.checkit.cz\/jak-jsou-na-tom-lide\/","headline":"Jak jsou na tom lid\u00e9?","name":"Jak jsou na tom lid\u00e9?","description":"Lid\u00e9 je od za\u010d\u00e1tku seskupovali do tlup, pozd\u011bji do klan\u016f, kmen\u016f a nakonec to vedlo a\u017e ke vzniku prvn\u00edch st\u00e1t\u016f. Ke ka\u017ed\u00e9mu spole\u010denstv\u00ed nejen lid\u00ed pat\u0159\u00ed n\u011bjak\u00e9 hierarchie. Tento fakt lze pozorovat i u zv\u00ed\u0159at. Nap\u0159\u00edklad slony vede jedna star\u00e1 slonice nebo sme\u010dku lv\u016f vede statn\u00fd samec, a tak je to i u lid\u00ed. Lidsk\u00e1 pyramida d\u016fle\u017eitosti My m\u00e1me hierarchii [&hellip;]","datePublished":"2019-12-16","dateModified":"2023-05-26","author":{"@type":"Person","@id":"https:\/\/www.checkit.cz\/author\/devene\/#Person","name":"devene","url":"https:\/\/www.checkit.cz\/author\/devene\/","identifier":1,"image":{"@type":"ImageObject","@id":"https:\/\/secure.gravatar.com\/avatar\/b74f056f0354b8ee50fcd0e6106aa964423477cb93024726458fce7ffd63d5d8?s=96&d=mm&r=g","url":"https:\/\/secure.gravatar.com\/avatar\/b74f056f0354b8ee50fcd0e6106aa964423477cb93024726458fce7ffd63d5d8?s=96&d=mm&r=g","height":96,"width":96}},"publisher":{"@type":"Organization","name":"checkit.cz","logo":{"@type":"ImageObject","@id":"\/logo.png","url":"\/logo.png","width":600,"height":60}},"image":{"@type":"ImageObject","@id":"https:\/\/www.checkit.cz\/wp-content\/uploads\/img_a365495_w4291_t1578324903.jpg","url":"https:\/\/www.checkit.cz\/wp-content\/uploads\/img_a365495_w4291_t1578324903.jpg","height":0,"width":0},"url":"https:\/\/www.checkit.cz\/jak-jsou-na-tom-lide\/","about":["Spole\u010dnost"],"wordCount":434,"articleBody":"Lid\u00e9 je od za\u010d\u00e1tku seskupovali do tlup, pozd\u011bji do klan\u016f, kmen\u016f a nakonec to vedlo a\u017e ke vzniku prvn\u00edch st\u00e1t\u016f. Ke ka\u017ed\u00e9mu spole\u010denstv\u00ed nejen lid\u00ed pat\u0159\u00ed n\u011bjak\u00e9 hierarchie. Tento fakt lze pozorovat i u zv\u00ed\u0159at. Nap\u0159\u00edklad slony vede jedna star\u00e1 slonice nebo sme\u010dku lv\u016f vede statn\u00fd samec, a tak je to i u lid\u00ed.\tLidsk\u00e1 pyramida d\u016fle\u017eitostiMy m\u00e1me hierarchii slo\u017eit\u011bj\u0161\u00ed ne\u017e zv\u00ed\u0159ata a n\u011bkdy se v\u00a0n\u00ed sami ztr\u00e1c\u00edme. Schv\u00e1ln\u011b, zkusme si odpov\u011bd\u011bt na z\u00e1kladn\u00ed ot\u00e1zku. Kdo je u n\u00e1s nejv\u00fd\u0161e? V\u00a0republice je v\u00fd\u0161e prezident nebo premi\u00e9r? Vybrali jste si? A jste si svoj\u00ed odpov\u011bd\u00ed jist\u00ed? Ano? Opravdu jist\u00ed? Pak tedy gratuluji, proto\u017ee m\u011b to jasn\u00e9 ur\u010dit\u011b nen\u00ed. Mo\u017en\u00e1 si tak\u00e9 nejste jist\u00ed, ale to nen\u00ed \u017e\u00e1dn\u00e1 ostuda. Lid\u00e9 maj\u00ed opravdu slo\u017eitou hierarchii. Ka\u017ed\u00e9mu je asi jasn\u00e9, \u017ee v\u00e1\u0161 zam\u011bstnavatel je v\u00a0pomysln\u00e9 lidsk\u00e9 pyramid\u011b d\u016fle\u017eitosti ne\u017e vy a v\u00e1\u0161 zam\u011bstnanec v\u00fd\u0161e. Ale co t\u0159eba kdybychom cht\u011bli srovnat praktick\u00e9ho l\u00e9ka\u0159e a u\u010ditele na z\u00e1kladn\u00ed \u0161kole. Kdo je v\u00fd\u0161? Na jednu stranu l\u00e9ka\u0159 l\u00e9\u010d\u00ed va\u0161e nemoci, tak\u017ee byste bez n\u011bho mo\u017en\u00e1 nep\u0159e\u017eili, ale bez u\u010ditele byste zase byli \u00fapln\u011b hloup\u00ed. Kdo je tedy d\u016fle\u017eit\u011bj\u0161\u00ed? T\u011b\u017eko \u0159\u00edct.\tJe hierarchie nutn\u00e1?Toto je t\u00e9m\u011b\u0159 filosofick\u00e1 ot\u00e1zka. Asi zde mus\u00ed b\u00fdt n\u011bkdo, kdo vl\u00e1dne, l\u00e9\u010d\u00ed, u\u010d\u00ed, ale i ukl\u00edz\u00ed a opravuje rozbit\u00e9 v\u011bci. Je t\u011b\u017ek\u00e9 \u0159\u00edci, kdo je nejd\u016fle\u017eit\u011bj\u0161\u00ed pro lidstvo, t\u0159eba je takov\u00e1 ukl\u00edze\u010dka d\u016fle\u017eit\u011bj\u0161\u00ed ne\u017e prezident nebo premi\u00e9r. A\u0165 se to nezd\u00e1, ka\u017ed\u00fd \u010dlov\u011bk je pro spole\u010dnost d\u016fle\u017eit\u00fd. A aby ka\u017ed\u00fd mohl b\u00fdt d\u016fle\u017eit\u00fd, mus\u00ed pom\u00e1hat, tak jak to um\u00ed. Vystudovan\u00fd pr\u00e1vn\u00edk s\u00a0vysokou \u0161kolu v\u00e1m asi nepom\u016f\u017ee s\u00a0rozbit\u00fdm autem a automechanik, kter\u00fd m\u00e1 vystudovanou pouze st\u0159edn\u00ed \u0161kolu, v\u00e1m zase nepom\u016f\u017ee v\u00a0soudn\u00edm sporu. Je v\u0161ak mechanik m\u00e9n\u011b d\u016fle\u017eit\u00fd ne\u017e pr\u00e1vn\u00edk? Ka\u017ed\u00fd je d\u016fle\u017eit\u00fd v\u00a0jin\u00e9 situaci. Kdy\u017e pot\u0159ebujete opravit auto, bude v\u00e1m pr\u00e1vn\u00edk k\u00a0ni\u010demu a naopak. Ale oba jsou pro spole\u010dnost nepostradateln\u00ed, proto\u017ee pot\u0159eba je ka\u017ed\u00e9 zam\u011bstn\u00e1n\u00ed a ka\u017ed\u00fd \u010dlov\u011bk.                                                                                                                                                                                                                                                                                                                                                                                        4.6\/5 - (10 votes)        "},{"@context":"https:\/\/schema.org\/","@type":"BreadcrumbList","itemListElement":[{"@type":"ListItem","position":1,"name":"Jak jsou na tom lid\u00e9?","item":"https:\/\/www.checkit.cz\/jak-jsou-na-tom-lide\/#breadcrumbitem"}]}]