[{"@context":"https:\/\/schema.org\/","@type":"Article","@id":"https:\/\/www.checkit.cz\/bezpeci-pro-nase-deti\/#Article","mainEntityOfPage":"https:\/\/www.checkit.cz\/bezpeci-pro-nase-deti\/","headline":"Bezpe\u010d\u00ed pro na\u0161e d\u011bti","name":"Bezpe\u010d\u00ed pro na\u0161e d\u011bti","description":"Mysl\u00edm si, \u017ee v p\u0159\u00edpad\u011b d\u011btsk\u00fdch autoseda\u010dek, byla v\u011bt\u0161ina lid\u00ed pro. Alespo\u0148 ti rozumn\u011bj\u0161\u00ed. Pamatuji si je\u0161t\u011b doby, kdy jsme, jako d\u011bti, plandaly v prostoru za rodi\u010di, proto\u017ee na klidn\u00e9 sezen\u00ed nebylo ani pomy\u0161len\u00ed. \u00b7\u00a0\u00a0\u00a0\u00a0\u00a0\u00a0\u00a0 Mysl\u00edm si, \u017ee pokud by d\u011btsk\u00e9 autoseda\u010dky p\u0159i\u0161ly d\u0159\u00edve, u\u0161et\u0159ilo by se n\u011bkolik d\u011btsk\u00fdch \u017eivot\u016f. \u00b7\u00a0\u00a0\u00a0\u00a0\u00a0\u00a0\u00a0 Mnoho rodi\u010d\u016f bylo v p\u0159esv\u011bd\u010den\u00ed, \u017ee pokud jsou sami [&hellip;]","datePublished":"2020-09-10","dateModified":"2023-05-26","author":{"@type":"Person","@id":"https:\/\/www.checkit.cz\/author\/devene\/#Person","name":"devene","url":"https:\/\/www.checkit.cz\/author\/devene\/","identifier":1,"image":{"@type":"ImageObject","@id":"https:\/\/secure.gravatar.com\/avatar\/b74f056f0354b8ee50fcd0e6106aa964423477cb93024726458fce7ffd63d5d8?s=96&d=mm&r=g","url":"https:\/\/secure.gravatar.com\/avatar\/b74f056f0354b8ee50fcd0e6106aa964423477cb93024726458fce7ffd63d5d8?s=96&d=mm&r=g","height":96,"width":96}},"publisher":{"@type":"Organization","name":"checkit.cz","logo":{"@type":"ImageObject","@id":"\/logo.png","url":"\/logo.png","width":600,"height":60}},"url":"https:\/\/www.checkit.cz\/bezpeci-pro-nase-deti\/","about":["Vztahy"],"wordCount":418,"articleBody":"\tMysl\u00edm si, \u017ee v p\u0159\u00edpad\u011b d\u011btsk\u00fdch autoseda\u010dek, byla v\u011bt\u0161ina lid\u00ed pro. Alespo\u0148 ti rozumn\u011bj\u0161\u00ed. Pamatuji si je\u0161t\u011b doby, kdy jsme, jako d\u011bti, plandaly v prostoru za rodi\u010di, proto\u017ee na klidn\u00e9 sezen\u00ed nebylo ani pomy\u0161len\u00ed.\t\u00b7\u00a0\u00a0\u00a0\u00a0\u00a0\u00a0\u00a0 Mysl\u00edm si, \u017ee pokud by d\u011btsk\u00e9 autoseda\u010dky p\u0159i\u0161ly d\u0159\u00edve, u\u0161et\u0159ilo by se n\u011bkolik d\u011btsk\u00fdch \u017eivot\u016f.\t\u00b7\u00a0\u00a0\u00a0\u00a0\u00a0\u00a0\u00a0 Mnoho rodi\u010d\u016f bylo v p\u0159esv\u011bd\u010den\u00ed, \u017ee pokud jsou sami upout\u00e1ni, dok\u00e1\u017e\u00ed v n\u00e1ru\u010d\u00ed sv\u00e9 d\u00edt\u011b, p\u0159i nehod\u011b, udr\u017eet.\t\u00b7\u00a0\u00a0\u00a0\u00a0\u00a0\u00a0\u00a0\u00a0 Nen\u00ed to v lidsk\u00fdch sil\u00e1ch!N\u00e1raz jedouc\u00edho auta je tak siln\u00fd, \u017ee V\u00e1m d\u00edt\u011b vylet\u00ed, kdybyste ho dr\u017eeli v\u0161\u00ed silou a n\u00e1raz o\u010dek\u00e1vali.\tBez seda\u010dky ani metrOdborn\u00edci rad\u00ed, \u017ee je nejlep\u0161\u00ed seda\u010dku po\u0159\u00eddit je\u0161t\u011b p\u0159ed narozen\u00edm d\u00edt\u011bte.Pak budete m\u00edt jin\u00e9 starosti. M\u016f\u017eete ji pou\u017e\u00edt u\u017e cestou z porodnice.1.\u00a0\u00a0\u00a0\u00a0\u00a0 Autoseda\u010dka pro prvn\u00ed roky d\u00edt\u011bte\u2013 takzvan\u00e9 vaj\u00ed\u010dko. M\u016f\u017eete pou\u017e\u00edvat od narozen\u00ed, a\u017e do t\u0159in\u00e1cti kilogram\u016f d\u00edt\u011bte, co\u017e je asi jeden rok. Pokud zvol\u00edte tu, co m\u00e1 madlo k p\u0159en\u00e1\u0161en\u00ed, bude manipulace s n\u00ed velice snadn\u00e1. Tato seda\u010dka se p\u0159ip\u00edn\u00e1 na zadn\u00ed sedadlo, proti sm\u011bru j\u00edzdy. Na p\u0159edn\u00edm sedadle m\u016f\u017ee b\u00fdt jen v p\u0159\u00edpad\u011b, \u017ee je deaktivovan\u00fd airbag.2.\u00a0\u00a0\u00a0\u00a0\u00a0 Pokra\u010dovac\u00ed autoseda\u010dka je ur\u010den\u00e1 pro d\u00edt\u011b od jednoho, do \u010dty\u0159 let. Instaluje se po sm\u011bru j\u00edzdy.3.\u00a0\u00a0\u00a0\u00a0\u00a0 Pokud kupujete seda\u010dku pro v\u011bt\u0161\u00ed d\u011bti, od \u010dty\u0159 let do dvan\u00e1cti, je nejl\u00e9pe volit tu, kter\u00e1 m\u00e1 nastavitelnou op\u011brku zad.\tInvestice, kter\u00e1 se vyplat\u00edNejnov\u011bj\u0161\u00edm trendem je spojen\u00ed druh\u00e9ho a t\u0159et\u00edho typu seda\u010dky. Ta je ur\u010dena pro d\u011bti od dev\u00edti, do t\u0159iceti \u0161esti kilogram\u016f. \u00b7\u00a0\u00a0\u00a0\u00a0\u00a0\u00a0\u00a0 Je pot\u0159eba seda\u010dku vyb\u00edrat v\u017edy podle\u2013\u00a0\u00a0\u00a0\u00a0\u00a0\u00a0\u00a0\u00a0 v\u00e1hy\u2013\u00a0\u00a0\u00a0\u00a0\u00a0\u00a0\u00a0\u00a0 v\u00fd\u0161ky\u2013\u00a0\u00a0\u00a0\u00a0\u00a0\u00a0\u00a0\u00a0 v\u011bku.\u00b7\u00a0\u00a0\u00a0\u00a0\u00a0\u00a0\u00a0 D\u00edt\u011b nesm\u00ed seda\u010dku p\u0159er\u016fstat a nesm\u00ed mu b\u00fdt j\u00edzda nep\u0159\u00edjemn\u00e1.\u2013\u00a0\u00a0\u00a0\u00a0\u00a0\u00a0\u00a0\u00a0 Proto je nutn\u00e9 zvolit potahov\u00fd materi\u00e1l, kter\u00fd nen\u00ed pro d\u011btskou poko\u017eku agresivn\u00ed a d\u00e1 se pr\u00e1t.Budete p\u0159eci cestovat i v l\u00e9t\u011b, kdy bude m\u00edt d\u00edt\u011b na sob\u011b jen minimum oble\u010den\u00ed a kousav\u00e1 seda\u010dka by mu rozhodn\u011b cestu nezp\u0159\u00edjemnila.\u00a0                                                                                                                                                                                                                                                                                                                                                                                         4.7\/5 - (4 votes)        "},{"@context":"https:\/\/schema.org\/","@type":"BreadcrumbList","itemListElement":[{"@type":"ListItem","position":1,"name":"Bezpe\u010d\u00ed pro na\u0161e d\u011bti","item":"https:\/\/www.checkit.cz\/bezpeci-pro-nase-deti\/#breadcrumbitem"}]}]